
{"id":6599,"date":"2023-02-02T22:23:10","date_gmt":"2023-02-02T21:23:10","guid":{"rendered":"https:\/\/ableiges.fr\/?p=6599"},"modified":"2023-05-10T18:54:49","modified_gmt":"2023-05-10T16:54:49","slug":"le-smirtom-vous-informe-commande-de-bacs","status":"publish","type":"post","link":"https:\/\/ableiges.fr\/?p=6599","title":{"rendered":"Le smirtom vous informe : commande de bacs"},"content":{"rendered":"<p>Ci joint les documents pour la commande des bacs de collecte :<\/p>\n<ul>\n<li>Bon de commande \u00e0 destination des usagers<\/li>\n<\/ul>\n<p>En 1<sup>\u00e8re<\/sup> page, le formulaire \u00e0 remplir<\/p>\n<p>En page 2, le rappel de la proc\u00e9dure et des consignes de tri<\/p>\n<ul>\n<li>L\u2019attestation que les usagers devront imp\u00e9rativement remplir en cas de vol de bac<\/li>\n<li>Un m\u00e9mo \u00e0 destination des mairies sur la proc\u00e9dure de commande des bacs<\/li>\n<\/ul>\n<ol>\n<li>Les habitants d\u00e9posent leur bon de commande en Mairie, accompagn\u00e9 d\u2019un justificatif de domicile (moins de 3 mois)<\/li>\n<li>La Mairie transmet les bons de commande et le(s) justificatif(s) au SMIRTOM du Vexin par mail\u00a0: <a href=\"mailto:smirtom@smirtomduvexin.net\">smirtom@smirtomduvexin.net<\/a><\/li>\n<\/ol>\n<p>(pour chaque habitant, 1 fichier pdf avec\u00a0: le bon de commande puis le justificatif de domicile et \u00e9ventuellement l\u2019attestation de vol)<\/p>\n<ol>\n<li>Les bacs sont livr\u00e9s de fa\u00e7on group\u00e9e en Mairie (rendez-vous convenu en amont)<\/li>\n<li>\u00c0 la livraison, la Mairie contacte les usagers de la mise \u00e0 disposition de leurs<\/li>\n<\/ol>\n<iframe src=\"\/\/docs.google.com\/viewer?url=https%3A%2F%2Fableiges.fr%2Fwp-content%2Fuploads%2F2023%2F02%2Fsmirtom-attestation-vol-bac-maj-2023-01.pdf&hl=fr&embedded=true\" class=\"gde-frame\" style=\"width:100%; height:500px; border: none;\" scrolling=\"no\"><\/iframe>\n<p class=\"gde-text\"><a href=\"https:\/\/ableiges.fr\/wp-content\/uploads\/2023\/02\/smirtom-attestation-vol-bac-maj-2023-01.pdf\" class=\"gde-link\">T\u00e9l\u00e9charger (PDF, 155KB)<\/a><\/p>\n<iframe src=\"\/\/docs.google.com\/viewer?url=https%3A%2F%2Fableiges.fr%2Fwp-content%2Fuploads%2F2023%2F02%2Fsmirtom-commande-bacs-formulaire-maj-2023-01.pdf&hl=fr&embedded=true\" class=\"gde-frame\" style=\"width:100%; height:500px; border: none;\" scrolling=\"no\"><\/iframe>\n<p class=\"gde-text\"><a href=\"https:\/\/ableiges.fr\/wp-content\/uploads\/2023\/02\/smirtom-commande-bacs-formulaire-maj-2023-01.pdf\" class=\"gde-link\">T\u00e9l\u00e9charger (PDF, 351KB)<\/a><\/p>\n<p><iframe src=\"\/\/docs.google.com\/viewer?url=https%3A%2F%2Fableiges.fr%2Fwp-content%2Fuploads%2F2023%2F02%2Fsmirtom-commande-bacs-notice-mairies-maj-2023-01.pdf&hl=fr&embedded=true\" class=\"gde-frame\" style=\"width:100%; height:500px; border: none;\" scrolling=\"no\"><\/iframe>\n<p class=\"gde-text\"><a href=\"https:\/\/ableiges.fr\/wp-content\/uploads\/2023\/02\/smirtom-commande-bacs-notice-mairies-maj-2023-01.pdf\" class=\"gde-link\">T\u00e9l\u00e9charger (PDF, 189KB)<\/a><\/p> bacs<\/p>\n","protected":false},"excerpt":{"rendered":"<p>Ci joint les documents pour la commande des bacs de collecte : Bon de commande \u00e0 destination des usagers En 1\u00e8re page, le formulaire \u00e0 remplir En page 2, le rappel de la proc\u00e9dure et des consignes de tri L\u2019attestation que les usagers devront imp\u00e9rativement remplir en cas de vol de bac Un m\u00e9mo \u00e0 [&hellip;]<\/p>\n","protected":false},"author":4,"featured_media":267,"comment_status":"closed","ping_status":"closed","sticky":false,"template":"","format":"standard","meta":{"_mi_skip_tracking":false,"footnotes":""},"categories":[7],"tags":[],"_links":{"self":[{"href":"https:\/\/ableiges.fr\/index.php?rest_route=\/wp\/v2\/posts\/6599"}],"collection":[{"href":"https:\/\/ableiges.fr\/index.php?rest_route=\/wp\/v2\/posts"}],"about":[{"href":"https:\/\/ableiges.fr\/index.php?rest_route=\/wp\/v2\/types\/post"}],"author":[{"embeddable":true,"href":"https:\/\/ableiges.fr\/index.php?rest_route=\/wp\/v2\/users\/4"}],"replies":[{"embeddable":true,"href":"https:\/\/ableiges.fr\/index.php?rest_route=%2Fwp%2Fv2%2Fcomments&post=6599"}],"version-history":[{"count":1,"href":"https:\/\/ableiges.fr\/index.php?rest_route=\/wp\/v2\/posts\/6599\/revisions"}],"predecessor-version":[{"id":6603,"href":"https:\/\/ableiges.fr\/index.php?rest_route=\/wp\/v2\/posts\/6599\/revisions\/6603"}],"wp:featuredmedia":[{"embeddable":true,"href":"https:\/\/ableiges.fr\/index.php?rest_route=\/wp\/v2\/media\/267"}],"wp:attachment":[{"href":"https:\/\/ableiges.fr\/index.php?rest_route=%2Fwp%2Fv2%2Fmedia&parent=6599"}],"wp:term":[{"taxonomy":"category","embeddable":true,"href":"https:\/\/ableiges.fr\/index.php?rest_route=%2Fwp%2Fv2%2Fcategories&post=6599"},{"taxonomy":"post_tag","embeddable":true,"href":"https:\/\/ableiges.fr\/index.php?rest_route=%2Fwp%2Fv2%2Ftags&post=6599"}],"curies":[{"name":"wp","href":"https:\/\/api.w.org\/{rel}","templated":true}]}}